{"id":5393,"date":"2025-01-17T02:17:11","date_gmt":"2025-01-17T01:17:11","guid":{"rendered":"https:\/\/sandrasinger.blog\/?p=5393"},"modified":"2025-06-20T18:04:22","modified_gmt":"2025-06-20T16:04:22","slug":"a-cosa-serve-alzarsi-allalba","status":"publish","type":"post","link":"https:\/\/sandrasinger.blog\/it\/a-cosa-serve-alzarsi-allalba","title":{"rendered":"A cosa serve alzarsi all&#8217;alba"},"content":{"rendered":"\n<p class=\"wp-block-paragraph\"><br>Svegliarsi all\u2019alba.<br>Perch\u00e9?\u00a0<br>Perch\u00e9 \u00e8 l\u2019unico momento in cui ho spazio solo per me.\u00a0\u00a0<br>Non sapevo nemmeno quanto potesse cambiare nella mia vita,<br>finch\u00e9 non l\u2019ho provato.<br><br>\u00c8 facile?\u00a0\u00a0<br>No.\u00a0\u00a0<br>Ma vale ogni sforzo imparare a farlo.<br>Per iniziare a sceglierlo &#8211; consapevolmente.\u00a0<br><br>Perch\u00e9 quando mi sveglio cos\u00ec presto,\u00a0\u00a0<br>in realt\u00e0 sto scegliendo me stessa.<br>Ho il tempo di cui ho bisogno<br>per mettere in ordine i pensieri,<br>ritrovare in me la pace e la giusta distanza per affrontare la giornata,<br>e attingere alla mia intuizione e ispirazione.<br>La qualit\u00e0 che ho dentro di me<br>quando sveglio i miei ragazzi con un sorriso,<br>gi\u00e0 contenta di me, gi\u00e0 centrata,<br>\u00e8 completamente diversa<br>da quando mi sveglio insieme a loro<br>e provo a tenere tutto insieme\u00a0all\u2019improvviso.\u00a0\u00a0<br>Loro, me, i miei pensieri, la giornata,\u00a0<br>diventa troppo.\u00a0\u00a0<br>E in quel momento mi manca quella calma interiore,\u00a0\u00a0<br>quella distanza sacra,\u00a0\u00a0<br>quella pace che mi serve non solo per sopravvivere,\u00a0\u00a0<br>ma per\u00a0<em>vivere<\/em>\u00a0davvero il tempo che ho oggi.<br><br>Ed \u00e8 quella la differenza che cambia il mio giorno.\u00a0\u00a0<br>Quel piccolo \u201csacrificio\u201d\u00a0\u00a0<br>che faccio per me stessa.<\/p>\n\n\n\n<blockquote class=\"wp-block-quote is-layout-flow wp-block-quote-is-layout-flow\">\n<p class=\"wp-block-paragraph\">Perch\u00e9 quando io sono forte e calma, <br>posso creare una Famiglia forte e calma. <br>Con emozioni che vibrano in alto.<\/p>\n<\/blockquote>\n","protected":false},"excerpt":{"rendered":"Svegliarsi all\u2019alba.Perch\u00e9?\u00a0Perch\u00e9 \u00e8 l\u2019unico momento in cui ho spazio solo per me.\u00a0\u00a0Non sapevo nemmeno quanto potesse cambiare nella&hellip;\n","protected":false},"author":244696633,"featured_media":4221,"comment_status":"open","ping_status":"open","sticky":false,"template":"","format":"standard","meta":{"_crdt_document":"","advanced_seo_description":"","jetpack_seo_html_title":"A cosa serve alzarsi all'alba","jetpack_seo_noindex":false,"csco_display_header_overlay":false,"csco_disable_site_padding":false,"csco_singular_sidebar":"","csco_page_header_type":"large_overlay","csco_page_load_nextpost":"","csco_post_video_location":[],"csco_post_video_location_hash":"","csco_post_video_url":"","csco_post_video_bg_start_time":0,"csco_post_video_bg_end_time":0,"_jetpack_memberships_contains_paid_content":false,"footnotes":""},"categories":[1478,1656,1655,1646],"tags":[1665,1658,1659,1657,1660,1647,1666,1664,1663,1661,1662,1667],"class_list":{"0":"post-5393","1":"post","2":"type-post","3":"status-publish","4":"format-standard","5":"has-post-thumbnail","7":"category-crescita","8":"category-maternita","9":"category-partnership-it","10":"category-ricarica-di-energia","11":"tag-allenamento-della-mente","12":"tag-calma","13":"tag-essere-mamma","14":"tag-essere-se-stessi","15":"tag-femminilita","16":"tag-homepage-it","17":"tag-i-miei-spazi","18":"tag-il-silenzio","19":"tag-meditazione","20":"tag-una-donna-affascinante","21":"tag-una-donna-forte","22":"tag-una-donna-tuttofare","23":"cs-entry","24":"cs-video-wrap"},"jetpack_featured_media_url":"https:\/\/i0.wp.com\/sandrasinger.blog\/wp-content\/uploads\/2025\/01\/Po-co-te-poranki.jpeg?fit=4032%2C3024&ssl=1","jetpack_sharing_enabled":true,"jetpack_shortlink":"https:\/\/wp.me\/pfugTc-1oZ","jetpack_likes_enabled":true,"_links":{"self":[{"href":"https:\/\/sandrasinger.blog\/it\/wp-json\/wp\/v2\/posts\/5393","targetHints":{"allow":["GET"]}}],"collection":[{"href":"https:\/\/sandrasinger.blog\/it\/wp-json\/wp\/v2\/posts"}],"about":[{"href":"https:\/\/sandrasinger.blog\/it\/wp-json\/wp\/v2\/types\/post"}],"author":[{"embeddable":true,"href":"https:\/\/sandrasinger.blog\/it\/wp-json\/wp\/v2\/users\/244696633"}],"replies":[{"embeddable":true,"href":"https:\/\/sandrasinger.blog\/it\/wp-json\/wp\/v2\/comments?post=5393"}],"version-history":[{"count":10,"href":"https:\/\/sandrasinger.blog\/it\/wp-json\/wp\/v2\/posts\/5393\/revisions"}],"predecessor-version":[{"id":5791,"href":"https:\/\/sandrasinger.blog\/it\/wp-json\/wp\/v2\/posts\/5393\/revisions\/5791"}],"wp:featuredmedia":[{"embeddable":true,"href":"https:\/\/sandrasinger.blog\/it\/wp-json\/wp\/v2\/media\/4221"}],"wp:attachment":[{"href":"https:\/\/sandrasinger.blog\/it\/wp-json\/wp\/v2\/media?parent=5393"}],"wp:term":[{"taxonomy":"category","embeddable":true,"href":"https:\/\/sandrasinger.blog\/it\/wp-json\/wp\/v2\/categories?post=5393"},{"taxonomy":"post_tag","embeddable":true,"href":"https:\/\/sandrasinger.blog\/it\/wp-json\/wp\/v2\/tags?post=5393"}],"curies":[{"name":"wp","href":"https:\/\/api.w.org\/{rel}","templated":true}]}}